{"id":2117,"date":"2013-03-18T16:50:58","date_gmt":"2013-03-18T16:50:58","guid":{"rendered":"http:\/\/www.scholastiquemukasonga.net\/home\/?p=2117"},"modified":"2013-03-18T16:50:58","modified_gmt":"2013-03-18T16:50:58","slug":"institut-francais-du-maroc-le-francais-dans-tous-ses-etats","status":"publish","type":"post","link":"https:\/\/scholastiquemukasonga.net\/fr\/institut-francais-du-maroc-le-francais-dans-tous-ses-etats\/","title":{"rendered":"Institut fran\u00e7ais du Maroc: le \u00abFran\u00e7ais dans tous ses Etats\u00bb"},"content":{"rendered":"<p>\t\t\t\t<a href=\"http:\/\/www.scholastiquemukasonga.net\/home\/institut-francais-du-maroc-le-francais-dans-tous-ses-etats\/institut-francais-du-maroc\/\" rel=\"attachment wp-att-2127\"><img decoding=\"async\" class=\"aligncenter size-medium wp-image-2127\" title=\"Institut Fran\u00e7ais du Maroc\" src=\"http:\/\/www.scholastiquemukasonga.net\/home\/wp-content\/uploads\/2013\/03\/institut-Fran\u00e7ais-du-Maroc-300x182.jpg\" alt=\"Institut Fran\u00e7ais du Maroc\" width=\"300\" height=\"182\" srcset=\"https:\/\/scholastiquemukasonga.net\/fr\/wp-content\/uploads\/2013\/03\/institut-Fran\u00e7ais-du-Maroc-300x182.jpg 300w, https:\/\/scholastiquemukasonga.net\/fr\/wp-content\/uploads\/2013\/03\/institut-Fran\u00e7ais-du-Maroc-768x467.jpg 768w, https:\/\/scholastiquemukasonga.net\/fr\/wp-content\/uploads\/2013\/03\/institut-Fran\u00e7ais-du-Maroc-1024x623.jpg 1024w, https:\/\/scholastiquemukasonga.net\/fr\/wp-content\/uploads\/2013\/03\/institut-Fran\u00e7ais-du-Maroc.jpg 1085w\" sizes=\"(max-width: 300px) 100vw, 300px\" \/><\/a><\/p>\n<p>Dans le cadre de <a href=\"http:\/\/www.dismoidixmots.culture.fr\/\" target=\"_blank\">La Semaine de la langue fran\u00e7aise, de la Francophonie<\/a> et de sa saison culturelle, l\u2019Institut fran\u00e7ais du Maroc invite Scholastique Mukasonga \u00e0 se rendre au Maroc du 19 au 28 mars pour donner des conf\u00e9rences en rapport avec la manifestation litt\u00e9raire itin\u00e9rante le \u00abFran\u00e7ais dans tous ses Etats\u00bb<\/p>\n<div><strong>Mercredi 20 mars<\/strong> :<\/div>\n<div>09h00 : Intervention au lyc\u00e9e Descartes \u00e0 Rabat<\/div>\n<div>18h00 : Lancement du Fran\u00e7ais dans tous ses \u00e9tats et table ronde sur le th\u00e8me de l\u2019autobiographie et l\u2019autofiction (Rabat) : \u00e0 l\u2019ISIC.<\/div>\n<div><\/div>\n<div><strong>Jeudi 21 mars<\/strong> :<\/div>\n<div>10h00 : Intervention \u00e0 l\u2019Universit\u00e9 Mohamed V-Agdal et rencontre avec les \u00e9tudiants de Rabat.<\/div>\n<div>15h00 : Intervention \u00e0 l\u2019Universit\u00e9 Internationale de Rabat<\/div>\n<div><\/div>\n<div><strong>Vendredi 22 mars<\/strong> :<\/div>\n<div>19h00 : Intervention \u00e0 l\u2019Institut fran\u00e7ais d\u2019Agadir<\/div>\n<div><\/div>\n<div><strong>samedi 23 mars<\/strong> :<\/div>\n<div>10h00 : Intervention dans un lyc\u00e9e de l\u2019AEFE \u00e0 Agadir.<\/div>\n<div><\/div>\n<div><strong>Lundi 25 mars<\/strong> :<\/div>\n<div>10h00 : Intervention dans un lyc\u00e9e de l\u2019AREF de Marrakech<\/div>\n<div>15h00 : Intervention \u00e0 la facult\u00e9 Cadi Ayyad \u00e0 Marrakech<\/div>\n<div><\/div>\n<div><strong>Mardi 26 mars<\/strong> :<\/div>\n<div>15h00 : Intervention dans un lyc\u00e9e de l\u2019AREF de Marrakech.<\/div>\n<div>19h00 Rencontre signature \u00e0 l\u2019Institut fran\u00e7ais<\/div>\n<div><\/div>\n<div><strong>Jeudi 28 mars<\/strong> : Caf\u00e9 litt\u00e9raire \u00e0 l\u2019Institut fran\u00e7ais d\u2019El Jadida.<\/div>\n","protected":false},"excerpt":{"rendered":"<p>Dans le cadre de La Semaine de la langue fran\u00e7aise, de la Francophonie et de sa saison culturelle, l\u2019Institut fran\u00e7ais du Maroc invite Scholastique Mukasonga \u00e0 se rendre au Maroc du 19 au 28 mars pour donner des conf\u00e9rences en rapport avec la manifestation litt\u00e9raire itin\u00e9rante le \u00abFran\u00e7ais dans tous ses Etats\u00bb Mercredi 20 mars<\/p>\n","protected":false},"author":1,"featured_media":2143,"comment_status":"open","ping_status":"open","sticky":false,"template":"","format":"standard","meta":{"footnotes":""},"categories":[13],"tags":[112,298,346,348,355,359],"yoast_head":"<!-- This site is optimized with the Yoast SEO plugin v21.7 - https:\/\/yoast.com\/wordpress\/plugins\/seo\/ -->\n<title>Institut fran\u00e7ais du Maroc: le \u00abFran\u00e7ais dans tous ses Etats\u00bb<\/title>\n<meta name=\"robots\" content=\"index, follow, max-snippet:-1, max-image-preview:large, max-video-preview:-1\" \/>\n<link rel=\"canonical\" href=\"https:\/\/scholastiquemukasonga.net\/fr\/institut-francais-du-maroc-le-francais-dans-tous-ses-etats\/\" \/>\n<meta property=\"og:locale\" content=\"fr_FR\" \/>\n<meta property=\"og:type\" content=\"article\" \/>\n<meta property=\"og:title\" content=\"Institut fran\u00e7ais du Maroc: le \u00abFran\u00e7ais dans tous ses Etats\u00bb\" \/>\n<meta property=\"og:description\" content=\"Dans le cadre de La Semaine de la langue fran\u00e7aise, de la Francophonie et de sa saison culturelle, l\u2019Institut fran\u00e7ais du Maroc invite Scholastique Mukasonga \u00e0 se rendre au Maroc du 19 au 28 mars pour donner des conf\u00e9rences en rapport avec la manifestation litt\u00e9raire itin\u00e9rante le \u00abFran\u00e7ais dans tous ses Etats\u00bb Mercredi 20 mars\" \/>\n<meta property=\"og:url\" content=\"https:\/\/scholastiquemukasonga.net\/fr\/institut-francais-du-maroc-le-francais-dans-tous-ses-etats\/\" \/>\n<meta property=\"og:site_name\" content=\"Scholastique Mukasonga - \u00e9crivaine rwandaise\" \/>\n<meta property=\"article:published_time\" content=\"2013-03-18T16:50:58+00:00\" \/>\n<meta property=\"og:image\" content=\"https:\/\/scholastiquemukasonga.net\/fr\/wp-content\/uploads\/2013\/03\/le-fran\u00e7ais-dans-tous-ses-\u00e9tats-maroc.jpg\" \/>\n\t<meta property=\"og:image:width\" content=\"300\" \/>\n\t<meta property=\"og:image:height\" content=\"300\" \/>\n\t<meta property=\"og:image:type\" content=\"image\/jpeg\" \/>\n<meta name=\"author\" content=\"amin\" \/>\n<meta name=\"twitter:card\" content=\"summary_large_image\" \/>\n<meta name=\"twitter:label1\" content=\"\u00c9crit par\" \/>\n\t<meta name=\"twitter:data1\" content=\"amin\" \/>\n\t<meta name=\"twitter:label2\" content=\"Dur\u00e9e de lecture estim\u00e9e\" \/>\n\t<meta name=\"twitter:data2\" content=\"1 minute\" \/>\n<script type=\"application\/ld+json\" class=\"yoast-schema-graph\">{\"@context\":\"https:\/\/schema.org\",\"@graph\":[{\"@type\":\"Article\",\"@id\":\"https:\/\/scholastiquemukasonga.net\/fr\/institut-francais-du-maroc-le-francais-dans-tous-ses-etats\/#article\",\"isPartOf\":{\"@id\":\"https:\/\/scholastiquemukasonga.net\/fr\/institut-francais-du-maroc-le-francais-dans-tous-ses-etats\/\"},\"author\":{\"name\":\"amin\",\"@id\":\"https:\/\/scholastiquemukasonga.net\/fr\/#\/schema\/person\/76fbfbf5f2565571e1d710b46e58c44c\"},\"headline\":\"Institut fran\u00e7ais du Maroc: le \u00abFran\u00e7ais dans tous ses Etats\u00bb\",\"datePublished\":\"2013-03-18T16:50:58+00:00\",\"dateModified\":\"2013-03-18T16:50:58+00:00\",\"mainEntityOfPage\":{\"@id\":\"https:\/\/scholastiquemukasonga.net\/fr\/institut-francais-du-maroc-le-francais-dans-tous-ses-etats\/\"},\"wordCount\":198,\"commentCount\":0,\"publisher\":{\"@id\":\"https:\/\/scholastiquemukasonga.net\/fr\/#\/schema\/person\/9f5ddc451388ccc16949a33abd60d0fc\"},\"keywords\":[\"dedicaces\",\"Notre-Dame du Nil\",\"renaudot\",\"rencontres\",\"roman\",\"Rwanda\"],\"articleSection\":[\"Rencontres\"],\"inLanguage\":\"fr-FR\",\"potentialAction\":[{\"@type\":\"CommentAction\",\"name\":\"Comment\",\"target\":[\"https:\/\/scholastiquemukasonga.net\/fr\/institut-francais-du-maroc-le-francais-dans-tous-ses-etats\/#respond\"]}]},{\"@type\":\"WebPage\",\"@id\":\"https:\/\/scholastiquemukasonga.net\/fr\/institut-francais-du-maroc-le-francais-dans-tous-ses-etats\/\",\"url\":\"https:\/\/scholastiquemukasonga.net\/fr\/institut-francais-du-maroc-le-francais-dans-tous-ses-etats\/\",\"name\":\"Institut fran\u00e7ais du Maroc: le \u00abFran\u00e7ais dans tous ses Etats\u00bb\",\"isPartOf\":{\"@id\":\"https:\/\/scholastiquemukasonga.net\/fr\/#website\"},\"datePublished\":\"2013-03-18T16:50:58+00:00\",\"dateModified\":\"2013-03-18T16:50:58+00:00\",\"breadcrumb\":{\"@id\":\"https:\/\/scholastiquemukasonga.net\/fr\/institut-francais-du-maroc-le-francais-dans-tous-ses-etats\/#breadcrumb\"},\"inLanguage\":\"fr-FR\",\"potentialAction\":[{\"@type\":\"ReadAction\",\"target\":[\"https:\/\/scholastiquemukasonga.net\/fr\/institut-francais-du-maroc-le-francais-dans-tous-ses-etats\/\"]}]},{\"@type\":\"BreadcrumbList\",\"@id\":\"https:\/\/scholastiquemukasonga.net\/fr\/institut-francais-du-maroc-le-francais-dans-tous-ses-etats\/#breadcrumb\",\"itemListElement\":[{\"@type\":\"ListItem\",\"position\":1,\"name\":\"Accueil\",\"item\":\"https:\/\/scholastiquemukasonga.net\/fr\/\"},{\"@type\":\"ListItem\",\"position\":2,\"name\":\"Institut fran\u00e7ais du Maroc: le \u00abFran\u00e7ais dans tous ses Etats\u00bb\"}]},{\"@type\":\"WebSite\",\"@id\":\"https:\/\/scholastiquemukasonga.net\/fr\/#website\",\"url\":\"https:\/\/scholastiquemukasonga.net\/fr\/\",\"name\":\"Scholastique Mukasonga - \u00e9crivaine rwandaise\",\"description\":\"Le site officiel de l&#039;\u00e9crivaine rwandaise Scholastique Mukasonga\",\"publisher\":{\"@id\":\"https:\/\/scholastiquemukasonga.net\/fr\/#\/schema\/person\/9f5ddc451388ccc16949a33abd60d0fc\"},\"potentialAction\":[{\"@type\":\"SearchAction\",\"target\":{\"@type\":\"EntryPoint\",\"urlTemplate\":\"https:\/\/scholastiquemukasonga.net\/fr\/?s={search_term_string}\"},\"query-input\":\"required name=search_term_string\"}],\"inLanguage\":\"fr-FR\"},{\"@type\":[\"Person\",\"Organization\"],\"@id\":\"https:\/\/scholastiquemukasonga.net\/fr\/#\/schema\/person\/9f5ddc451388ccc16949a33abd60d0fc\",\"name\":\"Scholastique\",\"image\":{\"@type\":\"ImageObject\",\"inLanguage\":\"fr-FR\",\"@id\":\"https:\/\/scholastiquemukasonga.net\/fr\/#\/schema\/person\/image\/\",\"url\":\"https:\/\/scholastiquemukasonga.net\/fr\/wp-content\/uploads\/2020\/03\/mukasonga.jpg\",\"contentUrl\":\"https:\/\/scholastiquemukasonga.net\/fr\/wp-content\/uploads\/2020\/03\/mukasonga.jpg\",\"width\":744,\"height\":744,\"caption\":\"Scholastique\"},\"logo\":{\"@id\":\"https:\/\/scholastiquemukasonga.net\/fr\/#\/schema\/person\/image\/\"}},{\"@type\":\"Person\",\"@id\":\"https:\/\/scholastiquemukasonga.net\/fr\/#\/schema\/person\/76fbfbf5f2565571e1d710b46e58c44c\",\"name\":\"amin\",\"image\":{\"@type\":\"ImageObject\",\"inLanguage\":\"fr-FR\",\"@id\":\"https:\/\/scholastiquemukasonga.net\/fr\/#\/schema\/person\/image\/\",\"url\":\"https:\/\/secure.gravatar.com\/avatar\/e5a396a8beea6da2480a9d3792719cf6?s=96&d=mm&r=g\",\"contentUrl\":\"https:\/\/secure.gravatar.com\/avatar\/e5a396a8beea6da2480a9d3792719cf6?s=96&d=mm&r=g\",\"caption\":\"amin\"},\"url\":\"https:\/\/scholastiquemukasonga.net\/fr\/author\/amin\/\"}]}<\/script>\n<!-- \/ Yoast SEO plugin. -->","yoast_head_json":{"title":"Institut fran\u00e7ais du Maroc: le \u00abFran\u00e7ais dans tous ses Etats\u00bb","robots":{"index":"index","follow":"follow","max-snippet":"max-snippet:-1","max-image-preview":"max-image-preview:large","max-video-preview":"max-video-preview:-1"},"canonical":"https:\/\/scholastiquemukasonga.net\/fr\/institut-francais-du-maroc-le-francais-dans-tous-ses-etats\/","og_locale":"fr_FR","og_type":"article","og_title":"Institut fran\u00e7ais du Maroc: le \u00abFran\u00e7ais dans tous ses Etats\u00bb","og_description":"Dans le cadre de La Semaine de la langue fran\u00e7aise, de la Francophonie et de sa saison culturelle, l\u2019Institut fran\u00e7ais du Maroc invite Scholastique Mukasonga \u00e0 se rendre au Maroc du 19 au 28 mars pour donner des conf\u00e9rences en rapport avec la manifestation litt\u00e9raire itin\u00e9rante le \u00abFran\u00e7ais dans tous ses Etats\u00bb Mercredi 20 mars","og_url":"https:\/\/scholastiquemukasonga.net\/fr\/institut-francais-du-maroc-le-francais-dans-tous-ses-etats\/","og_site_name":"Scholastique Mukasonga - \u00e9crivaine rwandaise","article_published_time":"2013-03-18T16:50:58+00:00","og_image":[{"width":300,"height":300,"url":"https:\/\/scholastiquemukasonga.net\/fr\/wp-content\/uploads\/2013\/03\/le-fran\u00e7ais-dans-tous-ses-\u00e9tats-maroc.jpg","type":"image\/jpeg"}],"author":"amin","twitter_card":"summary_large_image","twitter_misc":{"\u00c9crit par":"amin","Dur\u00e9e de lecture estim\u00e9e":"1 minute"},"schema":{"@context":"https:\/\/schema.org","@graph":[{"@type":"Article","@id":"https:\/\/scholastiquemukasonga.net\/fr\/institut-francais-du-maroc-le-francais-dans-tous-ses-etats\/#article","isPartOf":{"@id":"https:\/\/scholastiquemukasonga.net\/fr\/institut-francais-du-maroc-le-francais-dans-tous-ses-etats\/"},"author":{"name":"amin","@id":"https:\/\/scholastiquemukasonga.net\/fr\/#\/schema\/person\/76fbfbf5f2565571e1d710b46e58c44c"},"headline":"Institut fran\u00e7ais du Maroc: le \u00abFran\u00e7ais dans tous ses Etats\u00bb","datePublished":"2013-03-18T16:50:58+00:00","dateModified":"2013-03-18T16:50:58+00:00","mainEntityOfPage":{"@id":"https:\/\/scholastiquemukasonga.net\/fr\/institut-francais-du-maroc-le-francais-dans-tous-ses-etats\/"},"wordCount":198,"commentCount":0,"publisher":{"@id":"https:\/\/scholastiquemukasonga.net\/fr\/#\/schema\/person\/9f5ddc451388ccc16949a33abd60d0fc"},"keywords":["dedicaces","Notre-Dame du Nil","renaudot","rencontres","roman","Rwanda"],"articleSection":["Rencontres"],"inLanguage":"fr-FR","potentialAction":[{"@type":"CommentAction","name":"Comment","target":["https:\/\/scholastiquemukasonga.net\/fr\/institut-francais-du-maroc-le-francais-dans-tous-ses-etats\/#respond"]}]},{"@type":"WebPage","@id":"https:\/\/scholastiquemukasonga.net\/fr\/institut-francais-du-maroc-le-francais-dans-tous-ses-etats\/","url":"https:\/\/scholastiquemukasonga.net\/fr\/institut-francais-du-maroc-le-francais-dans-tous-ses-etats\/","name":"Institut fran\u00e7ais du Maroc: le \u00abFran\u00e7ais dans tous ses Etats\u00bb","isPartOf":{"@id":"https:\/\/scholastiquemukasonga.net\/fr\/#website"},"datePublished":"2013-03-18T16:50:58+00:00","dateModified":"2013-03-18T16:50:58+00:00","breadcrumb":{"@id":"https:\/\/scholastiquemukasonga.net\/fr\/institut-francais-du-maroc-le-francais-dans-tous-ses-etats\/#breadcrumb"},"inLanguage":"fr-FR","potentialAction":[{"@type":"ReadAction","target":["https:\/\/scholastiquemukasonga.net\/fr\/institut-francais-du-maroc-le-francais-dans-tous-ses-etats\/"]}]},{"@type":"BreadcrumbList","@id":"https:\/\/scholastiquemukasonga.net\/fr\/institut-francais-du-maroc-le-francais-dans-tous-ses-etats\/#breadcrumb","itemListElement":[{"@type":"ListItem","position":1,"name":"Accueil","item":"https:\/\/scholastiquemukasonga.net\/fr\/"},{"@type":"ListItem","position":2,"name":"Institut fran\u00e7ais du Maroc: le \u00abFran\u00e7ais dans tous ses Etats\u00bb"}]},{"@type":"WebSite","@id":"https:\/\/scholastiquemukasonga.net\/fr\/#website","url":"https:\/\/scholastiquemukasonga.net\/fr\/","name":"Scholastique Mukasonga - \u00e9crivaine rwandaise","description":"Le site officiel de l&#039;\u00e9crivaine rwandaise Scholastique Mukasonga","publisher":{"@id":"https:\/\/scholastiquemukasonga.net\/fr\/#\/schema\/person\/9f5ddc451388ccc16949a33abd60d0fc"},"potentialAction":[{"@type":"SearchAction","target":{"@type":"EntryPoint","urlTemplate":"https:\/\/scholastiquemukasonga.net\/fr\/?s={search_term_string}"},"query-input":"required name=search_term_string"}],"inLanguage":"fr-FR"},{"@type":["Person","Organization"],"@id":"https:\/\/scholastiquemukasonga.net\/fr\/#\/schema\/person\/9f5ddc451388ccc16949a33abd60d0fc","name":"Scholastique","image":{"@type":"ImageObject","inLanguage":"fr-FR","@id":"https:\/\/scholastiquemukasonga.net\/fr\/#\/schema\/person\/image\/","url":"https:\/\/scholastiquemukasonga.net\/fr\/wp-content\/uploads\/2020\/03\/mukasonga.jpg","contentUrl":"https:\/\/scholastiquemukasonga.net\/fr\/wp-content\/uploads\/2020\/03\/mukasonga.jpg","width":744,"height":744,"caption":"Scholastique"},"logo":{"@id":"https:\/\/scholastiquemukasonga.net\/fr\/#\/schema\/person\/image\/"}},{"@type":"Person","@id":"https:\/\/scholastiquemukasonga.net\/fr\/#\/schema\/person\/76fbfbf5f2565571e1d710b46e58c44c","name":"amin","image":{"@type":"ImageObject","inLanguage":"fr-FR","@id":"https:\/\/scholastiquemukasonga.net\/fr\/#\/schema\/person\/image\/","url":"https:\/\/secure.gravatar.com\/avatar\/e5a396a8beea6da2480a9d3792719cf6?s=96&d=mm&r=g","contentUrl":"https:\/\/secure.gravatar.com\/avatar\/e5a396a8beea6da2480a9d3792719cf6?s=96&d=mm&r=g","caption":"amin"},"url":"https:\/\/scholastiquemukasonga.net\/fr\/author\/amin\/"}]}},"_links":{"self":[{"href":"https:\/\/scholastiquemukasonga.net\/fr\/wp-json\/wp\/v2\/posts\/2117"}],"collection":[{"href":"https:\/\/scholastiquemukasonga.net\/fr\/wp-json\/wp\/v2\/posts"}],"about":[{"href":"https:\/\/scholastiquemukasonga.net\/fr\/wp-json\/wp\/v2\/types\/post"}],"author":[{"embeddable":true,"href":"https:\/\/scholastiquemukasonga.net\/fr\/wp-json\/wp\/v2\/users\/1"}],"replies":[{"embeddable":true,"href":"https:\/\/scholastiquemukasonga.net\/fr\/wp-json\/wp\/v2\/comments?post=2117"}],"version-history":[{"count":0,"href":"https:\/\/scholastiquemukasonga.net\/fr\/wp-json\/wp\/v2\/posts\/2117\/revisions"}],"wp:featuredmedia":[{"embeddable":true,"href":"https:\/\/scholastiquemukasonga.net\/fr\/wp-json\/wp\/v2\/media\/2143"}],"wp:attachment":[{"href":"https:\/\/scholastiquemukasonga.net\/fr\/wp-json\/wp\/v2\/media?parent=2117"}],"wp:term":[{"taxonomy":"category","embeddable":true,"href":"https:\/\/scholastiquemukasonga.net\/fr\/wp-json\/wp\/v2\/categories?post=2117"},{"taxonomy":"post_tag","embeddable":true,"href":"https:\/\/scholastiquemukasonga.net\/fr\/wp-json\/wp\/v2\/tags?post=2117"}],"curies":[{"name":"wp","href":"https:\/\/api.w.org\/{rel}","templated":true}]}}