{"id":4706,"date":"2016-05-27T07:53:37","date_gmt":"2016-05-27T07:53:37","guid":{"rendered":"http:\/\/www.scholastiquemukasonga.net\/home\/?p=4706"},"modified":"2016-05-27T07:53:37","modified_gmt":"2016-05-27T07:53:37","slug":"4706-2","status":"publish","type":"post","link":"https:\/\/scholastiquemukasonga.net\/fr\/4706-2\/","title":{"rendered":"\u00c9poque &#8211; Salon du livre de la ville de Caen"},"content":{"rendered":"<p>\t\t\t\t<img decoding=\"async\" src=\"http:\/\/www.scholastiquemukasonga.net\/home\/wp-content\/uploads\/2016\/05\/epoque.jpg\" alt=\"\u00c9poque - Salon du livre de la ville de Caen\" width=\"568\" height=\"321\" class=\"aligncenter size-full wp-image-4708\" srcset=\"https:\/\/scholastiquemukasonga.net\/fr\/wp-content\/uploads\/2016\/05\/epoque.jpg 568w, https:\/\/scholastiquemukasonga.net\/fr\/wp-content\/uploads\/2016\/05\/epoque-300x170.jpg 300w\" sizes=\"(max-width: 568px) 100vw, 568px\" \/><\/p>\n<p>Je suis invit\u00e9e au salon du livre \u00c9poque de la Ville de Caen le 28 et le 29 mai 2016.<br \/>\n<!--more--><\/p>\n<p><strong>Du 27 au 29 mai 2016, la Ville de Caen organise la 2e \u00e9dition d&rsquo;Epoque : le salon des livres qui \u00e9clairent notre temps. Au programme du week-end : quarante d\u00e9bats et performances donnant \u00e0 entendre la voix de soixante-dix auteurs de fiction et de non-fiction, pour mieux comprendre les enjeux du XXIe si\u00e8cle. Au centre des \u00e9changes, une question : Faire corps : comment vivre ensemble aujourd&rsquo;hui ?<\/strong><\/p>\n<p><!--more--><\/p>\n<p>Visitez le site du salon \u00c9poque <a href=\"http:\/\/www.etonnants-voyageurs.com\/spip.php?page=invites2016&amp;id_article=2399\" target=\"_blank\">pour plus de d\u00e9tails sur le programme<\/a>.<\/p>\n<p><strong>Samedi 28 mai<\/strong><\/p>\n<ul>\n<li><strong>Signatures<\/strong> (15 h 30)\n<\/ul>\n<p><strong>Dimanche 29 mai<\/strong><\/p>\n<ul>\n<li><strong>Signatures<\/strong> (15 h 30)\n<\/ul>\n<ul>\n<li><strong>Mythes et r\u00e9alit\u00e9s de l\u2019Afrique d\u2019aujourd\u2019hui<\/strong> (17 h 45)<br \/>\n  H\u00d4TEL DE VILLE, SALLE DU R\u00c9FECTOIRE<br \/>\navec : Tobie Nathan, Sylvain Prudhomme.\n<\/li>\n<\/ul>\n","protected":false},"excerpt":{"rendered":"<p>Je suis invit\u00e9e au salon du livre \u00c9poque de la Ville de Caen le 28 et le 29 mai 2016.<\/p>\n","protected":false},"author":1,"featured_media":4710,"comment_status":"open","ping_status":"open","sticky":false,"template":"","format":"standard","meta":{"footnotes":""},"categories":[13],"tags":[75,130,348,355,364],"yoast_head":"<!-- This site is optimized with the Yoast SEO plugin v21.7 - https:\/\/yoast.com\/wordpress\/plugins\/seo\/ -->\n<title>\u00c9poque - Salon du livre de la ville de Caen - Scholastique Mukasonga - \u00e9crivaine rwandaise<\/title>\n<meta name=\"description\" content=\"Du 27 au 29 mai 2016, la Ville de Caen organise la 2e \u00e9dition d&#039;Epoque : le salon des livres qui \u00e9clairent notre temps.\" \/>\n<meta name=\"robots\" content=\"index, follow, max-snippet:-1, max-image-preview:large, max-video-preview:-1\" \/>\n<link rel=\"canonical\" href=\"https:\/\/scholastiquemukasonga.net\/fr\/4706-2\/\" \/>\n<meta property=\"og:locale\" content=\"fr_FR\" \/>\n<meta property=\"og:type\" content=\"article\" \/>\n<meta property=\"og:title\" content=\"\u00c9poque - Salon du livre de la ville de Caen - Scholastique Mukasonga - \u00e9crivaine rwandaise\" \/>\n<meta property=\"og:description\" content=\"Du 27 au 29 mai 2016, la Ville de Caen organise la 2e \u00e9dition d&#039;Epoque : le salon des livres qui \u00e9clairent notre temps.\" \/>\n<meta property=\"og:url\" content=\"https:\/\/scholastiquemukasonga.net\/fr\/4706-2\/\" \/>\n<meta property=\"og:site_name\" content=\"Scholastique Mukasonga - \u00e9crivaine rwandaise\" \/>\n<meta property=\"article:published_time\" content=\"2016-05-27T07:53:37+00:00\" \/>\n<meta property=\"og:image\" content=\"https:\/\/scholastiquemukasonga.net\/fr\/wp-content\/uploads\/2016\/05\/salon-epoque-caen.png\" \/>\n\t<meta property=\"og:image:width\" content=\"300\" \/>\n\t<meta property=\"og:image:height\" content=\"300\" \/>\n\t<meta property=\"og:image:type\" content=\"image\/png\" \/>\n<meta name=\"author\" content=\"amin\" \/>\n<meta name=\"twitter:card\" content=\"summary_large_image\" \/>\n<meta name=\"twitter:label1\" content=\"\u00c9crit par\" \/>\n\t<meta name=\"twitter:data1\" content=\"amin\" \/>\n\t<meta name=\"twitter:label2\" content=\"Dur\u00e9e de lecture estim\u00e9e\" \/>\n\t<meta name=\"twitter:data2\" content=\"1 minute\" \/>\n<script type=\"application\/ld+json\" class=\"yoast-schema-graph\">{\"@context\":\"https:\/\/schema.org\",\"@graph\":[{\"@type\":\"Article\",\"@id\":\"https:\/\/scholastiquemukasonga.net\/fr\/4706-2\/#article\",\"isPartOf\":{\"@id\":\"https:\/\/scholastiquemukasonga.net\/fr\/4706-2\/\"},\"author\":{\"name\":\"amin\",\"@id\":\"https:\/\/scholastiquemukasonga.net\/fr\/#\/schema\/person\/76fbfbf5f2565571e1d710b46e58c44c\"},\"headline\":\"\u00c9poque &#8211; Salon du livre de la ville de Caen\",\"datePublished\":\"2016-05-27T07:53:37+00:00\",\"dateModified\":\"2016-05-27T07:53:37+00:00\",\"mainEntityOfPage\":{\"@id\":\"https:\/\/scholastiquemukasonga.net\/fr\/4706-2\/\"},\"wordCount\":137,\"commentCount\":0,\"publisher\":{\"@id\":\"https:\/\/scholastiquemukasonga.net\/fr\/#\/schema\/person\/9f5ddc451388ccc16949a33abd60d0fc\"},\"keywords\":[\"Caen\",\"Epoque\",\"rencontres\",\"roman\",\"Salon\"],\"articleSection\":[\"Rencontres\"],\"inLanguage\":\"fr-FR\",\"potentialAction\":[{\"@type\":\"CommentAction\",\"name\":\"Comment\",\"target\":[\"https:\/\/scholastiquemukasonga.net\/fr\/4706-2\/#respond\"]}]},{\"@type\":\"WebPage\",\"@id\":\"https:\/\/scholastiquemukasonga.net\/fr\/4706-2\/\",\"url\":\"https:\/\/scholastiquemukasonga.net\/fr\/4706-2\/\",\"name\":\"\u00c9poque - Salon du livre de la ville de Caen - Scholastique Mukasonga - \u00e9crivaine rwandaise\",\"isPartOf\":{\"@id\":\"https:\/\/scholastiquemukasonga.net\/fr\/#website\"},\"datePublished\":\"2016-05-27T07:53:37+00:00\",\"dateModified\":\"2016-05-27T07:53:37+00:00\",\"description\":\"Du 27 au 29 mai 2016, la Ville de Caen organise la 2e \u00e9dition d'Epoque : le salon des livres qui \u00e9clairent notre temps.\",\"breadcrumb\":{\"@id\":\"https:\/\/scholastiquemukasonga.net\/fr\/4706-2\/#breadcrumb\"},\"inLanguage\":\"fr-FR\",\"potentialAction\":[{\"@type\":\"ReadAction\",\"target\":[\"https:\/\/scholastiquemukasonga.net\/fr\/4706-2\/\"]}]},{\"@type\":\"BreadcrumbList\",\"@id\":\"https:\/\/scholastiquemukasonga.net\/fr\/4706-2\/#breadcrumb\",\"itemListElement\":[{\"@type\":\"ListItem\",\"position\":1,\"name\":\"Accueil\",\"item\":\"https:\/\/scholastiquemukasonga.net\/fr\/\"},{\"@type\":\"ListItem\",\"position\":2,\"name\":\"\u00c9poque &#8211; Salon du livre de la ville de Caen\"}]},{\"@type\":\"WebSite\",\"@id\":\"https:\/\/scholastiquemukasonga.net\/fr\/#website\",\"url\":\"https:\/\/scholastiquemukasonga.net\/fr\/\",\"name\":\"Scholastique Mukasonga - \u00e9crivaine rwandaise\",\"description\":\"Le site officiel de l&#039;\u00e9crivaine rwandaise Scholastique Mukasonga\",\"publisher\":{\"@id\":\"https:\/\/scholastiquemukasonga.net\/fr\/#\/schema\/person\/9f5ddc451388ccc16949a33abd60d0fc\"},\"potentialAction\":[{\"@type\":\"SearchAction\",\"target\":{\"@type\":\"EntryPoint\",\"urlTemplate\":\"https:\/\/scholastiquemukasonga.net\/fr\/?s={search_term_string}\"},\"query-input\":\"required name=search_term_string\"}],\"inLanguage\":\"fr-FR\"},{\"@type\":[\"Person\",\"Organization\"],\"@id\":\"https:\/\/scholastiquemukasonga.net\/fr\/#\/schema\/person\/9f5ddc451388ccc16949a33abd60d0fc\",\"name\":\"Scholastique\",\"image\":{\"@type\":\"ImageObject\",\"inLanguage\":\"fr-FR\",\"@id\":\"https:\/\/scholastiquemukasonga.net\/fr\/#\/schema\/person\/image\/\",\"url\":\"https:\/\/scholastiquemukasonga.net\/fr\/wp-content\/uploads\/2020\/03\/mukasonga.jpg\",\"contentUrl\":\"https:\/\/scholastiquemukasonga.net\/fr\/wp-content\/uploads\/2020\/03\/mukasonga.jpg\",\"width\":744,\"height\":744,\"caption\":\"Scholastique\"},\"logo\":{\"@id\":\"https:\/\/scholastiquemukasonga.net\/fr\/#\/schema\/person\/image\/\"}},{\"@type\":\"Person\",\"@id\":\"https:\/\/scholastiquemukasonga.net\/fr\/#\/schema\/person\/76fbfbf5f2565571e1d710b46e58c44c\",\"name\":\"amin\",\"image\":{\"@type\":\"ImageObject\",\"inLanguage\":\"fr-FR\",\"@id\":\"https:\/\/scholastiquemukasonga.net\/fr\/#\/schema\/person\/image\/\",\"url\":\"https:\/\/secure.gravatar.com\/avatar\/e5a396a8beea6da2480a9d3792719cf6?s=96&d=mm&r=g\",\"contentUrl\":\"https:\/\/secure.gravatar.com\/avatar\/e5a396a8beea6da2480a9d3792719cf6?s=96&d=mm&r=g\",\"caption\":\"amin\"},\"url\":\"https:\/\/scholastiquemukasonga.net\/fr\/author\/amin\/\"}]}<\/script>\n<!-- \/ Yoast SEO plugin. -->","yoast_head_json":{"title":"\u00c9poque - Salon du livre de la ville de Caen - Scholastique Mukasonga - \u00e9crivaine rwandaise","description":"Du 27 au 29 mai 2016, la Ville de Caen organise la 2e \u00e9dition d'Epoque : le salon des livres qui \u00e9clairent notre temps.","robots":{"index":"index","follow":"follow","max-snippet":"max-snippet:-1","max-image-preview":"max-image-preview:large","max-video-preview":"max-video-preview:-1"},"canonical":"https:\/\/scholastiquemukasonga.net\/fr\/4706-2\/","og_locale":"fr_FR","og_type":"article","og_title":"\u00c9poque - Salon du livre de la ville de Caen - Scholastique Mukasonga - \u00e9crivaine rwandaise","og_description":"Du 27 au 29 mai 2016, la Ville de Caen organise la 2e \u00e9dition d'Epoque : le salon des livres qui \u00e9clairent notre temps.","og_url":"https:\/\/scholastiquemukasonga.net\/fr\/4706-2\/","og_site_name":"Scholastique Mukasonga - \u00e9crivaine rwandaise","article_published_time":"2016-05-27T07:53:37+00:00","og_image":[{"width":300,"height":300,"url":"https:\/\/scholastiquemukasonga.net\/fr\/wp-content\/uploads\/2016\/05\/salon-epoque-caen.png","type":"image\/png"}],"author":"amin","twitter_card":"summary_large_image","twitter_misc":{"\u00c9crit par":"amin","Dur\u00e9e de lecture estim\u00e9e":"1 minute"},"schema":{"@context":"https:\/\/schema.org","@graph":[{"@type":"Article","@id":"https:\/\/scholastiquemukasonga.net\/fr\/4706-2\/#article","isPartOf":{"@id":"https:\/\/scholastiquemukasonga.net\/fr\/4706-2\/"},"author":{"name":"amin","@id":"https:\/\/scholastiquemukasonga.net\/fr\/#\/schema\/person\/76fbfbf5f2565571e1d710b46e58c44c"},"headline":"\u00c9poque &#8211; Salon du livre de la ville de Caen","datePublished":"2016-05-27T07:53:37+00:00","dateModified":"2016-05-27T07:53:37+00:00","mainEntityOfPage":{"@id":"https:\/\/scholastiquemukasonga.net\/fr\/4706-2\/"},"wordCount":137,"commentCount":0,"publisher":{"@id":"https:\/\/scholastiquemukasonga.net\/fr\/#\/schema\/person\/9f5ddc451388ccc16949a33abd60d0fc"},"keywords":["Caen","Epoque","rencontres","roman","Salon"],"articleSection":["Rencontres"],"inLanguage":"fr-FR","potentialAction":[{"@type":"CommentAction","name":"Comment","target":["https:\/\/scholastiquemukasonga.net\/fr\/4706-2\/#respond"]}]},{"@type":"WebPage","@id":"https:\/\/scholastiquemukasonga.net\/fr\/4706-2\/","url":"https:\/\/scholastiquemukasonga.net\/fr\/4706-2\/","name":"\u00c9poque - Salon du livre de la ville de Caen - Scholastique Mukasonga - \u00e9crivaine rwandaise","isPartOf":{"@id":"https:\/\/scholastiquemukasonga.net\/fr\/#website"},"datePublished":"2016-05-27T07:53:37+00:00","dateModified":"2016-05-27T07:53:37+00:00","description":"Du 27 au 29 mai 2016, la Ville de Caen organise la 2e \u00e9dition d'Epoque : le salon des livres qui \u00e9clairent notre temps.","breadcrumb":{"@id":"https:\/\/scholastiquemukasonga.net\/fr\/4706-2\/#breadcrumb"},"inLanguage":"fr-FR","potentialAction":[{"@type":"ReadAction","target":["https:\/\/scholastiquemukasonga.net\/fr\/4706-2\/"]}]},{"@type":"BreadcrumbList","@id":"https:\/\/scholastiquemukasonga.net\/fr\/4706-2\/#breadcrumb","itemListElement":[{"@type":"ListItem","position":1,"name":"Accueil","item":"https:\/\/scholastiquemukasonga.net\/fr\/"},{"@type":"ListItem","position":2,"name":"\u00c9poque &#8211; Salon du livre de la ville de Caen"}]},{"@type":"WebSite","@id":"https:\/\/scholastiquemukasonga.net\/fr\/#website","url":"https:\/\/scholastiquemukasonga.net\/fr\/","name":"Scholastique Mukasonga - \u00e9crivaine rwandaise","description":"Le site officiel de l&#039;\u00e9crivaine rwandaise Scholastique Mukasonga","publisher":{"@id":"https:\/\/scholastiquemukasonga.net\/fr\/#\/schema\/person\/9f5ddc451388ccc16949a33abd60d0fc"},"potentialAction":[{"@type":"SearchAction","target":{"@type":"EntryPoint","urlTemplate":"https:\/\/scholastiquemukasonga.net\/fr\/?s={search_term_string}"},"query-input":"required name=search_term_string"}],"inLanguage":"fr-FR"},{"@type":["Person","Organization"],"@id":"https:\/\/scholastiquemukasonga.net\/fr\/#\/schema\/person\/9f5ddc451388ccc16949a33abd60d0fc","name":"Scholastique","image":{"@type":"ImageObject","inLanguage":"fr-FR","@id":"https:\/\/scholastiquemukasonga.net\/fr\/#\/schema\/person\/image\/","url":"https:\/\/scholastiquemukasonga.net\/fr\/wp-content\/uploads\/2020\/03\/mukasonga.jpg","contentUrl":"https:\/\/scholastiquemukasonga.net\/fr\/wp-content\/uploads\/2020\/03\/mukasonga.jpg","width":744,"height":744,"caption":"Scholastique"},"logo":{"@id":"https:\/\/scholastiquemukasonga.net\/fr\/#\/schema\/person\/image\/"}},{"@type":"Person","@id":"https:\/\/scholastiquemukasonga.net\/fr\/#\/schema\/person\/76fbfbf5f2565571e1d710b46e58c44c","name":"amin","image":{"@type":"ImageObject","inLanguage":"fr-FR","@id":"https:\/\/scholastiquemukasonga.net\/fr\/#\/schema\/person\/image\/","url":"https:\/\/secure.gravatar.com\/avatar\/e5a396a8beea6da2480a9d3792719cf6?s=96&d=mm&r=g","contentUrl":"https:\/\/secure.gravatar.com\/avatar\/e5a396a8beea6da2480a9d3792719cf6?s=96&d=mm&r=g","caption":"amin"},"url":"https:\/\/scholastiquemukasonga.net\/fr\/author\/amin\/"}]}},"_links":{"self":[{"href":"https:\/\/scholastiquemukasonga.net\/fr\/wp-json\/wp\/v2\/posts\/4706"}],"collection":[{"href":"https:\/\/scholastiquemukasonga.net\/fr\/wp-json\/wp\/v2\/posts"}],"about":[{"href":"https:\/\/scholastiquemukasonga.net\/fr\/wp-json\/wp\/v2\/types\/post"}],"author":[{"embeddable":true,"href":"https:\/\/scholastiquemukasonga.net\/fr\/wp-json\/wp\/v2\/users\/1"}],"replies":[{"embeddable":true,"href":"https:\/\/scholastiquemukasonga.net\/fr\/wp-json\/wp\/v2\/comments?post=4706"}],"version-history":[{"count":0,"href":"https:\/\/scholastiquemukasonga.net\/fr\/wp-json\/wp\/v2\/posts\/4706\/revisions"}],"wp:featuredmedia":[{"embeddable":true,"href":"https:\/\/scholastiquemukasonga.net\/fr\/wp-json\/wp\/v2\/media\/4710"}],"wp:attachment":[{"href":"https:\/\/scholastiquemukasonga.net\/fr\/wp-json\/wp\/v2\/media?parent=4706"}],"wp:term":[{"taxonomy":"category","embeddable":true,"href":"https:\/\/scholastiquemukasonga.net\/fr\/wp-json\/wp\/v2\/categories?post=4706"},{"taxonomy":"post_tag","embeddable":true,"href":"https:\/\/scholastiquemukasonga.net\/fr\/wp-json\/wp\/v2\/tags?post=4706"}],"curies":[{"name":"wp","href":"https:\/\/api.w.org\/{rel}","templated":true}]}}